{"id":297,"date":"2008-08-15T18:39:44","date_gmt":"2008-08-15T16:39:44","guid":{"rendered":"http:\/\/blog.m-ri.de\/?p=297"},"modified":"2008-08-15T18:52:48","modified_gmt":"2008-08-15T16:52:48","slug":"ein-nicht-geringer-vorteil-von-lowridertaschen","status":"publish","type":"post","link":"http:\/\/blog.m-ri.de\/index.php\/2008\/08\/15\/ein-nicht-geringer-vorteil-von-lowridertaschen\/","title":{"rendered":"Ein nicht geringer Vorteil von Lowridertaschen"},"content":{"rendered":"<p>Am Dienstag auf dem Maintal Radweg habe ich und meine Frau unsere Ortlieb Sportpacker Taschen, die wir an unseren Lowrider montiert hatte, von einer ganz neuen Seite kennen gelernt.<\/p>\n<p>Ich fahre schon seit Jahren mehrt\u00e4gige Radtouren. Auch Regen kam hin und wieder vor. Aber\u00a05 Stunden Regenfahrt am St\u00fcck hatte ich bisher wirklich noch nicht erlebt &#8211; gl\u00fccklicherweise \ud83d\ude09<\/p>\n<p>Nach etwa 3 Stunden Dauernieselregenfahrt von Wertheim nach Karlstadt bemerkten wir auf einmal, dass uns Radfahrer mit Plastikt\u00fcten \u00fcber den Schuhen entgegen kamen. Zu recht, es regnete ja wirklich nicht wenig. Und erst jetzt registrieten wir, dass wir immer noch trockene Radschuhe hatten.<br \/>\nBesonders das Wasser, dass am Rad wieder nach vorne vom Vorderrad am oberen Schutzblechrand austritt durchn\u00e4sst einem normalerweise die Schuhe zuverl\u00e4ssig.<br \/>\nTrotz stundenlanger Fahrt im Regen und ohne \u00dcberschuhe, waren unsere Schuhe weitgehend trocken geblieben. Spritzwasser wurde von Schutzblech und Lowridertaschen gut abgehalten und auch der Regen von vorne kam nicht an den Lowridertaschen vorbei und so sorgten die Taschen f\u00fcr einen perfekten Schutz der Schuhe.<\/p>\n<p>F\u00fcr mich noch ein Grund mehr eher den Lowrider zu benutzen als meinen Gep\u00e4cktr\u00e4ger hinten mit einer zus\u00e4tzlichen Tasche obendrauf zu belasten.<\/p>\n","protected":false},"excerpt":{"rendered":"<p>Am Dienstag auf dem Maintal Radweg habe ich und meine Frau unsere Ortlieb Sportpacker Taschen, die wir an unseren Lowrider montiert hatte, von einer ganz neuen Seite kennen gelernt. Ich fahre schon seit Jahren mehrt\u00e4gige Radtouren. Auch Regen kam hin und wieder vor. Aber\u00a05 Stunden Regenfahrt am St\u00fcck hatte ich bisher wirklich noch nicht erlebt &hellip; <a href=\"http:\/\/blog.m-ri.de\/index.php\/2008\/08\/15\/ein-nicht-geringer-vorteil-von-lowridertaschen\/\" class=\"more-link\"><span class=\"screen-reader-text\">\u201eEin nicht geringer Vorteil von Lowridertaschen\u201c <\/span>weiterlesen<\/a><\/p>\n","protected":false},"author":1,"featured_media":0,"comment_status":"open","ping_status":"open","sticky":false,"template":"","format":"standard","meta":{"_jetpack_memberships_contains_paid_content":false,"footnotes":""},"categories":[21,5],"tags":[362,134],"class_list":["post-297","post","type-post","status-publish","format-standard","hentry","category-fahrrad","category-real-life","tag-fahrrad","tag-radtouren"],"jetpack_featured_media_url":"","jetpack_sharing_enabled":true,"_links":{"self":[{"href":"http:\/\/blog.m-ri.de\/index.php\/wp-json\/wp\/v2\/posts\/297","targetHints":{"allow":["GET"]}}],"collection":[{"href":"http:\/\/blog.m-ri.de\/index.php\/wp-json\/wp\/v2\/posts"}],"about":[{"href":"http:\/\/blog.m-ri.de\/index.php\/wp-json\/wp\/v2\/types\/post"}],"author":[{"embeddable":true,"href":"http:\/\/blog.m-ri.de\/index.php\/wp-json\/wp\/v2\/users\/1"}],"replies":[{"embeddable":true,"href":"http:\/\/blog.m-ri.de\/index.php\/wp-json\/wp\/v2\/comments?post=297"}],"version-history":[{"count":1,"href":"http:\/\/blog.m-ri.de\/index.php\/wp-json\/wp\/v2\/posts\/297\/revisions"}],"predecessor-version":[{"id":298,"href":"http:\/\/blog.m-ri.de\/index.php\/wp-json\/wp\/v2\/posts\/297\/revisions\/298"}],"wp:attachment":[{"href":"http:\/\/blog.m-ri.de\/index.php\/wp-json\/wp\/v2\/media?parent=297"}],"wp:term":[{"taxonomy":"category","embeddable":true,"href":"http:\/\/blog.m-ri.de\/index.php\/wp-json\/wp\/v2\/categories?post=297"},{"taxonomy":"post_tag","embeddable":true,"href":"http:\/\/blog.m-ri.de\/index.php\/wp-json\/wp\/v2\/tags?post=297"}],"curies":[{"name":"wp","href":"https:\/\/api.w.org\/{rel}","templated":true}]}}