{"id":922,"date":"2011-11-30T19:17:50","date_gmt":"2011-11-30T18:17:50","guid":{"rendered":"http:\/\/blog.m-ri.de\/?p=922"},"modified":"2011-12-01T08:24:11","modified_gmt":"2011-12-01T07:24:11","slug":"preiswertes-netzteil-fur-den-ebook-reader-sony-prs-t1","status":"publish","type":"post","link":"http:\/\/blog.m-ri.de\/index.php\/2011\/11\/30\/preiswertes-netzteil-fur-den-ebook-reader-sony-prs-t1\/","title":{"rendered":"Preiswertes Netzteil f\u00fcr den eBook Reader Sony PRS-T1"},"content":{"rendered":"<p>Mit den Netzteilen f\u00fcr die <em>Sony eBook Reader PRS-T1<\/em>\u00a0ist das so eine Sache, es funktionieren nicht alle. Und mal ganz ehrlich: 25,&#8211; Euro f\u00fcr das originale Ladeger\u00e4t von Sony ist mir einfach zu teuer.<br \/>\n4 alternative Netzteile habe ich ausprobiert (<em>Hama<\/em>, <em>Belkin<\/em> und 2 Noname Produkte), die alle bei <em>iPads<\/em> und <em>iPods<\/em> und <em>angeblich<\/em> auch f\u00fcr <em>Sony PRS<\/em> Ger\u00e4te funktionieren. Bei meinem eBook-Reader allerdings nicht. Die Beratung im Mediamarkt war leider auch unprofessionell und lautete nur: Das geht schon&#8230; es ging aber nichts. Laut Artikeln im Netz ben\u00f6tigt der Sony Reader auch auf dem Datenkabel 5V Spannung (aber um das zu pr\u00fcfen bin ich zu wenig Techniker).<\/p>\n<p>Meine Tochter hat ein <em>Samsung<\/em> Smartphone und als ich ihr Ladeger\u00e4t mal verwendet habe hatte ich endlich Erfolg. Und mit ein wenig Recherche im Internet wurde dies auch im Sony eBook-Reader Forum von einem anderen Nutzer best\u00e4tigt.<\/p>\n<p>F\u00fcr 4,50 Euro (inkl. Porto \u2757 ) habe ich mir jetzt ein original <em>Samsung<\/em> \u00a0Ladeger\u00e4t Typ <em>ETA0U10EBE<\/em> (f\u00fcr <em>Galaxy S Plus<\/em> und <em>Galaxy S super<\/em> und andere) besorgt und das funktioniert super. Meine ersten Versuche haben auch gezeigt, dass dieses Ger\u00e4t den Sony PRS-T1 Reader auch komplett aufl\u00e4dt. (Was angeblich bei einigen alternativen Ladeger\u00e4ten nicht der Fall ist, aber selbst, wenn nur 90% der Ladung erreicht w\u00fcrde ist das OK und w\u00fcrde den internen Akku auch schonen). Das\u00a0 <em>ETA0U10EBE<\/em> ist\u00a0wunderbar klein, leicht\u00a0und kompakt, preiswert und \u00fcberall zu haben.<\/p>\n<p>Happy eBook Reading \ud83d\ude09<\/p>\n","protected":false},"excerpt":{"rendered":"<p>Mit den Netzteilen f\u00fcr die Sony eBook Reader PRS-T1\u00a0ist das so eine Sache, es funktionieren nicht alle. Und mal ganz ehrlich: 25,&#8211; Euro f\u00fcr das originale Ladeger\u00e4t von Sony ist mir einfach zu teuer. 4 alternative Netzteile habe ich ausprobiert (Hama, Belkin und 2 Noname Produkte), die alle bei iPads und iPods und angeblich auch &hellip; <a href=\"http:\/\/blog.m-ri.de\/index.php\/2011\/11\/30\/preiswertes-netzteil-fur-den-ebook-reader-sony-prs-t1\/\" class=\"more-link\"><span class=\"screen-reader-text\">\u201ePreiswertes Netzteil f\u00fcr den eBook Reader Sony PRS-T1\u201c <\/span>weiterlesen<\/a><\/p>\n","protected":false},"author":1,"featured_media":0,"comment_status":"open","ping_status":"open","sticky":false,"template":"","format":"standard","meta":{"_jetpack_memberships_contains_paid_content":false,"footnotes":""},"categories":[8],"tags":[308,309,307],"class_list":["post-922","post","type-post","status-publish","format-standard","hentry","category-hardware","tag-ebook","tag-prs-t1","tag-sony"],"jetpack_featured_media_url":"","jetpack_sharing_enabled":true,"_links":{"self":[{"href":"http:\/\/blog.m-ri.de\/index.php\/wp-json\/wp\/v2\/posts\/922","targetHints":{"allow":["GET"]}}],"collection":[{"href":"http:\/\/blog.m-ri.de\/index.php\/wp-json\/wp\/v2\/posts"}],"about":[{"href":"http:\/\/blog.m-ri.de\/index.php\/wp-json\/wp\/v2\/types\/post"}],"author":[{"embeddable":true,"href":"http:\/\/blog.m-ri.de\/index.php\/wp-json\/wp\/v2\/users\/1"}],"replies":[{"embeddable":true,"href":"http:\/\/blog.m-ri.de\/index.php\/wp-json\/wp\/v2\/comments?post=922"}],"version-history":[{"count":1,"href":"http:\/\/blog.m-ri.de\/index.php\/wp-json\/wp\/v2\/posts\/922\/revisions"}],"predecessor-version":[{"id":923,"href":"http:\/\/blog.m-ri.de\/index.php\/wp-json\/wp\/v2\/posts\/922\/revisions\/923"}],"wp:attachment":[{"href":"http:\/\/blog.m-ri.de\/index.php\/wp-json\/wp\/v2\/media?parent=922"}],"wp:term":[{"taxonomy":"category","embeddable":true,"href":"http:\/\/blog.m-ri.de\/index.php\/wp-json\/wp\/v2\/categories?post=922"},{"taxonomy":"post_tag","embeddable":true,"href":"http:\/\/blog.m-ri.de\/index.php\/wp-json\/wp\/v2\/tags?post=922"}],"curies":[{"name":"wp","href":"https:\/\/api.w.org\/{rel}","templated":true}]}}