{"id":936,"date":"2012-02-25T19:55:41","date_gmt":"2012-02-25T18:55:41","guid":{"rendered":"http:\/\/blog.m-ri.de\/?p=936"},"modified":"2012-02-19T17:57:33","modified_gmt":"2012-02-19T16:57:33","slug":"wenn-der-ie9-seine-tab-icons-favicons-nicht-anzeigen-will","status":"publish","type":"post","link":"http:\/\/blog.m-ri.de\/index.php\/2012\/02\/25\/wenn-der-ie9-seine-tab-icons-favicons-nicht-anzeigen-will\/","title":{"rendered":"Wenn der IE9 seine Tab-Icons \/ Favicons nicht anzeigen will"},"content":{"rendered":"<p>Vermutlich ist es aktuell zu kalt, die Luftfeuchtigkeit ist zu hoch oder sonst etwas hat meinen Internet Explorer 9 verschnupft.<br \/>\nSo sollte es aussehen:<br \/>\n<a href=\"http:\/\/blog.m-ri.de\/wp-content\/uploads\/2012\/02\/IE9favicon.png\"><img loading=\"lazy\" decoding=\"async\" class=\"alignnone size-full wp-image-941\" title=\"IE9favicon\" src=\"http:\/\/blog.m-ri.de\/wp-content\/uploads\/2012\/02\/IE9favicon.png\" alt=\"\" width=\"609\" height=\"47\" srcset=\"http:\/\/blog.m-ri.de\/wp-content\/uploads\/2012\/02\/IE9favicon.png 609w, http:\/\/blog.m-ri.de\/wp-content\/uploads\/2012\/02\/IE9favicon-300x23.png 300w\" sizes=\"auto, (max-width: 709px) 85vw, (max-width: 909px) 67vw, (max-width: 984px) 61vw, (max-width: 1362px) 45vw, 600px\" \/><\/a><br \/>\nAber bei mir erscheint nur das IE9 Icon auf jedem Tab:<br \/>\n<a href=\"http:\/\/blog.m-ri.de\/wp-content\/uploads\/2012\/02\/IE9icon.png\"><img loading=\"lazy\" decoding=\"async\" class=\"alignnone size-full wp-image-940\" title=\"IE9icon\" src=\"http:\/\/blog.m-ri.de\/wp-content\/uploads\/2012\/02\/IE9icon.png\" alt=\"\" width=\"30\" height=\"30\" \/><\/a><\/p>\n<p>Alle sch\u00f6nen FAVICONS\u00a0sinf weg.<br \/>\nWenn man es gewohnt ist, dann sucht man seine Tabs schon eher visuell nach dem Icon als nach dem Text der darauf steht.<br \/>\nL\u00e4stig! Also wie beheben wir das?<\/p>\n<p>Ich musste etwas l\u00e4nger googlen. Alles m\u00f6gliche wurde empfohlen: IE-tempor\u00e4re Dateien l\u00f6schen; Icon-Cache von Windows l\u00f6schen&#8230; funktioniert alles nicht.<\/p>\n<p>Auf einer englischen Seite fand ich dann einen Hinweis auf den Browserverlauf (den ich damit gar nicht in Verbindung gebracht habe).<br \/>\nAber OK. im <em><strong>Internet Explorer -&gt; Extras -&gt; Internetoptionen -&gt; L\u00f6schen -&gt; Brwoservrlauf.<\/strong><\/em><br \/>\nDanach sah wieder alles so aus wie gewohnt. Schade, dass der Browserverlauf\u00a0nun weg ist und damit auch die Seite mit den beliebtesten Sites, weil ich auch den gerne benutze, aber die Icons waren mir wichtiger.<\/p>\n","protected":false},"excerpt":{"rendered":"<p>Vermutlich ist es aktuell zu kalt, die Luftfeuchtigkeit ist zu hoch oder sonst etwas hat meinen Internet Explorer 9 verschnupft. So sollte es aussehen: Aber bei mir erscheint nur das IE9 Icon auf jedem Tab: Alle sch\u00f6nen FAVICONS\u00a0sinf weg. Wenn man es gewohnt ist, dann sucht man seine Tabs schon eher visuell nach dem Icon &hellip; <a href=\"http:\/\/blog.m-ri.de\/index.php\/2012\/02\/25\/wenn-der-ie9-seine-tab-icons-favicons-nicht-anzeigen-will\/\" class=\"more-link\"><span class=\"screen-reader-text\">\u201eWenn der IE9 seine Tab-Icons \/ Favicons nicht anzeigen will\u201c <\/span>weiterlesen<\/a><\/p>\n","protected":false},"author":1,"featured_media":0,"comment_status":"open","ping_status":"open","sticky":false,"template":"","format":"standard","meta":{"_jetpack_memberships_contains_paid_content":false,"footnotes":""},"categories":[103,12],"tags":[317,90,54,316,375],"class_list":["post-936","post","type-post","status-publish","format-standard","hentry","category-internet","category-software","tag-browser","tag-explorer","tag-ie","tag-ie9","tag-internet"],"jetpack_featured_media_url":"","jetpack_sharing_enabled":true,"_links":{"self":[{"href":"http:\/\/blog.m-ri.de\/index.php\/wp-json\/wp\/v2\/posts\/936","targetHints":{"allow":["GET"]}}],"collection":[{"href":"http:\/\/blog.m-ri.de\/index.php\/wp-json\/wp\/v2\/posts"}],"about":[{"href":"http:\/\/blog.m-ri.de\/index.php\/wp-json\/wp\/v2\/types\/post"}],"author":[{"embeddable":true,"href":"http:\/\/blog.m-ri.de\/index.php\/wp-json\/wp\/v2\/users\/1"}],"replies":[{"embeddable":true,"href":"http:\/\/blog.m-ri.de\/index.php\/wp-json\/wp\/v2\/comments?post=936"}],"version-history":[{"count":0,"href":"http:\/\/blog.m-ri.de\/index.php\/wp-json\/wp\/v2\/posts\/936\/revisions"}],"wp:attachment":[{"href":"http:\/\/blog.m-ri.de\/index.php\/wp-json\/wp\/v2\/media?parent=936"}],"wp:term":[{"taxonomy":"category","embeddable":true,"href":"http:\/\/blog.m-ri.de\/index.php\/wp-json\/wp\/v2\/categories?post=936"},{"taxonomy":"post_tag","embeddable":true,"href":"http:\/\/blog.m-ri.de\/index.php\/wp-json\/wp\/v2\/tags?post=936"}],"curies":[{"name":"wp","href":"https:\/\/api.w.org\/{rel}","templated":true}]}}